{"id":254,"date":"2019-09-05T11:49:34","date_gmt":"2019-09-05T09:49:34","guid":{"rendered":"https:\/\/www.salon-marrakech.fr\/SM\/?p=254"},"modified":"2019-09-05T13:00:26","modified_gmt":"2019-09-05T11:00:26","slug":"les-tissus-des-salons-marocains","status":"publish","type":"post","link":"https:\/\/www.salon-marrakech.fr\/SM\/les-tissus-des-salons-marocains\/","title":{"rendered":"Les tissus des salons marocains"},"content":{"rendered":"[et_pb_section fb_built=\u00a0\u00bb1&Prime; admin_label=\u00a0\u00bbsection\u00a0\u00bb _builder_version=\u00a0\u00bb3.0.47&Prime;][et_pb_row _builder_version=\u00a0\u00bb3.21.1&Prime;][et_pb_column type=\u00a0\u00bb1_4&Prime; _builder_version=\u00a0\u00bb3.21.1&Prime;][et_pb_image src=\u00a0\u00bbhttps:\/\/www.salon-marrakech.fr\/SM\/wp-content\/uploads\/2019\/09\/TIS-4.jpg\u00a0\u00bb _builder_version=\u00a0\u00bb3.21.1&Prime;][\/et_pb_image][\/et_pb_column][et_pb_column type=\u00a0\u00bb1_4&Prime; _builder_version=\u00a0\u00bb3.21.1&Prime;][et_pb_image src=\u00a0\u00bbhttps:\/\/www.salon-marrakech.fr\/SM\/wp-content\/uploads\/2019\/09\/TIS-3.jpg\u00a0\u00bb _builder_version=\u00a0\u00bb3.21.1&Prime;][\/et_pb_image][\/et_pb_column][et_pb_column type=\u00a0\u00bb1_4&Prime; _builder_version=\u00a0\u00bb3.21.1&Prime;][et_pb_image src=\u00a0\u00bbhttps:\/\/www.salon-marrakech.fr\/SM\/wp-content\/uploads\/2019\/09\/TIS-2.jpg\u00a0\u00bb _builder_version=\u00a0\u00bb3.21.1&Prime;][\/et_pb_image][\/et_pb_column][et_pb_column type=\u00a0\u00bb1_4&Prime; _builder_version=\u00a0\u00bb3.21.1&Prime;][et_pb_image src=\u00a0\u00bbhttps:\/\/www.salon-marrakech.fr\/SM\/wp-content\/uploads\/2019\/09\/TIS-1.jpg\u00a0\u00bb _builder_version=\u00a0\u00bb3.21.1&Prime;][\/et_pb_image][\/et_pb_column][\/et_pb_row][et_pb_row admin_label=\u00a0\u00bbrow\u00a0\u00bb _builder_version=\u00a0\u00bb3.0.48&Prime; background_size=\u00a0\u00bbinitial\u00a0\u00bb background_position=\u00a0\u00bbtop_left\u00a0\u00bb background_repeat=\u00a0\u00bbrepeat\u00a0\u00bb][et_pb_column type=\u00a0\u00bb4_4&Prime; _builder_version=\u00a0\u00bb3.0.47&Prime;][et_pb_text admin_label=\u00a0\u00bbText\u00a0\u00bb _builder_version=\u00a0\u00bb3.0.74&Prime; background_size=\u00a0\u00bbinitial\u00a0\u00bb background_position=\u00a0\u00bbtop_left\u00a0\u00bb background_repeat=\u00a0\u00bbrepeat\u00a0\u00bb]<p>Les tissus et la passementerie habillent les matelas des sedaris ainsi que les coussins de votre salon marocain.<br \/>Du\u00a0 choix des tissus de votre salon marocain d\u00e9pendra l\u2019esprit de votre salon marocain.<br \/>Il existe un grand choix de tissu pour votre salon marocain, pour choisir votre tissu vous devez \u00eatre attentifs \u00e0 plusieurs \u00e9l\u00e9ments :<\/p>\n<p><!-- \/wp:paragraph --><\/p>\n<p><br \/>*\u00a0\u00a0 choix de couleur du tissu de votre salon marocain\u00a0<br \/>*\u00a0\u00a0 choix de mati\u00e8re du tissu de votre salon marocain<br \/>*\u00a0\u00a0 choix de motif du tissu de votre salon marocain<br \/>*\u00a0\u00a0 choix de la passementerie de votre salon marocain<br \/>*\u00a0\u00a0 Le choix du tissu de votre salon marocain<br \/><br \/><\/p>\n<p><!-- \/wp:paragraph --><\/p>\n<p><!-- wp:image --><\/p>\n<p><img decoding=\"async\" class=\"lazyload\" src=\"data:image\/gif;base64,R0lGODlhAQABAIAAAAAAAP\/\/\/yH5BAEAAAAALAAAAAABAAEAAAIBRAA7\" data-src=\"https:\/\/www.salon-marrakech.fr\/images\/stories\/tissus-salons-marocains\/TIS-1.jpg\" alt=\"les tissus des salons marocains\" style=\"font-size: 14px; display: block; margin-left: auto; margin-right: auto;\" \/><noscript><img decoding=\"async\" class=\"lazyload\" src=\"https:\/\/www.salon-marrakech.fr\/images\/stories\/tissus-salons-marocains\/TIS-1.jpg\" alt=\"les tissus des salons marocains\" style=\"font-size: 14px; display: block; margin-left: auto; margin-right: auto;\" \/><\/noscript><\/p>\n<p><!-- wp:paragraph --><\/p>\n<p><span style=\"font-size: 14px;\">Le choix du tissu d&rsquo;ameublement de votre salon marocain est primordial, c&rsquo;est lui qui d\u00e9fini la tonalit\u00e9 de votre salon marocain.<\/span><\/p>\n<p><br \/>Nous disposons d\u2019un grand choix de tissus pour habiller votre salon marocain. Nous apportons le plus grand soin a la s\u00e9lection de nos tissus pour salon marocain. Notre gamme de tissu pour salon marocain couvre tous les styles de salon marocain. Nos tissus r\u00e9pondent \u00e0 une exigence de qualit\u00e9 et au bon gout.<br \/><br \/><br \/><strong>Tissu de salon marocain : le tissu d\u2019ameublement<\/strong><br \/><br \/>Le tissu d\u2019ameublement de votre salon marocain prot\u00e8ge et habille vos matelas.<br \/>Vous devez choisir votre tissu en fonction de plusieurs caract\u00e9ristiques :<br \/>la qualit\u00e9 du tissu : \u00e9pais ou l\u00e9ger, facile d\u2019entretien<br \/>la couleur et le motif de votre tissu<br \/><br \/><br \/><strong>Tissu de salon marocain : la passementerie<\/strong><br \/><br \/>La passementerie doit \u00eatre le point d\u2019orgue de votre salon marocain.<br \/>Elle sera coordonn\u00e9e avec votre tissu et vos sedaris.<br \/>Choisissez la en fonction de votre go\u00fbt et de sa coordination avec l\u2019ensemble de votre salon marocain.<br \/>Tissu de salon marocain : les rideaux<br \/><br \/>Le choix du tissus de voilage est lui aussi tr\u00e8s important, il habille vos fen\u00eatres tout en \u00e9tant un rappel des couleurs de votre salon marocain.<\/p>\n<p>Le tissu pour salon marocain : une offre large chez salon Marrakech<br \/><br \/>Vous devez choisir vos tissus en fonction des \u00e9l\u00e9ments de votre salon marocain et, bien sur, de votre go\u00fbt. Nous serons attentifs \u00e0 vos d\u00e9sirs pour vous guider dans vos choix.<br \/>Chez Salon Marrakech nous avons une large gamme de tissus de qualit\u00e9 et de couleur vari\u00e9 et notre gamme de tissu pour salon marocain est souvent r\u00e9assortie.<\/p>\n<p><strong>Rafraichir votre salon marocain :<\/strong><\/p>\n<p>Renouveler les tissus de son salon marocain est une fa\u00e7on \u00e9conomique de rafraichir son salon marocain. Rendez-nous visite avec une photo de votre salon marocain et vos dimension, nous vous guiderons pour choisir un tissu adapt\u00e9.<\/p>\n<p><!-- wp:image {\"linkDestination\":\"custom\"} --><\/p>\n<p><!-- wp:paragraph --><\/p>\n<p><!-- \/wp:paragraph --><\/p>\n<p><!-- wp:paragraph --><\/p>\n<p><!-- \/wp:paragraph --><\/p>[\/et_pb_text][\/et_pb_column][\/et_pb_row][\/et_pb_section]","protected":false},"excerpt":{"rendered":"<p>[et_pb_section fb_built=\u00a0\u00bb1&Prime; admin_label=\u00a0\u00bbsection\u00a0\u00bb _builder_version=\u00a0\u00bb3.0.47&Prime;][et_pb_row _builder_version=\u00a0\u00bb3.21.1&Prime;][et_pb_column type=\u00a0\u00bb1_4&Prime; _builder_version=\u00a0\u00bb3.21.1&Prime;][et_pb_image src=\u00a0\u00bbhttps:\/\/www.salon-marrakech.fr\/SM\/wp-content\/uploads\/2019\/09\/TIS-4.jpg\u00a0\u00bb _builder_version=\u00a0\u00bb3.21.1&Prime;][\/et_pb_image][\/et_pb_column][et_pb_column type=\u00a0\u00bb1_4&Prime; _builder_version=\u00a0\u00bb3.21.1&Prime;][et_pb_image src=\u00a0\u00bbhttps:\/\/www.salon-marrakech.fr\/SM\/wp-content\/uploads\/2019\/09\/TIS-3.jpg\u00a0\u00bb _builder_version=\u00a0\u00bb3.21.1&Prime;][\/et_pb_image][\/et_pb_column][et_pb_column type=\u00a0\u00bb1_4&Prime; _builder_version=\u00a0\u00bb3.21.1&Prime;][et_pb_image src=\u00a0\u00bbhttps:\/\/www.salon-marrakech.fr\/SM\/wp-content\/uploads\/2019\/09\/TIS-2.jpg\u00a0\u00bb _builder_version=\u00a0\u00bb3.21.1&Prime;][\/et_pb_image][\/et_pb_column][et_pb_column type=\u00a0\u00bb1_4&Prime; _builder_version=\u00a0\u00bb3.21.1&Prime;][et_pb_image src=\u00a0\u00bbhttps:\/\/www.salon-marrakech.fr\/SM\/wp-content\/uploads\/2019\/09\/TIS-1.jpg\u00a0\u00bb _builder_version=\u00a0\u00bb3.21.1&Prime;][\/et_pb_image][\/et_pb_column][\/et_pb_row][et_pb_row admin_label=\u00a0\u00bbrow\u00a0\u00bb _builder_version=\u00a0\u00bb3.0.48&Prime; background_size=\u00a0\u00bbinitial\u00a0\u00bb background_position=\u00a0\u00bbtop_left\u00a0\u00bb background_repeat=\u00a0\u00bbrepeat\u00a0\u00bb][et_pb_column type=\u00a0\u00bb4_4&Prime; _builder_version=\u00a0\u00bb3.0.47&Prime;][et_pb_text admin_label=\u00a0\u00bbText\u00a0\u00bb _builder_version=\u00a0\u00bb3.0.74&Prime; background_size=\u00a0\u00bbinitial\u00a0\u00bb background_position=\u00a0\u00bbtop_left\u00a0\u00bb background_repeat=\u00a0\u00bbrepeat\u00a0\u00bb] Les tissus et la passementerie habillent les matelas des sedaris ainsi que les coussins de votre salon marocain.Du\u00a0 choix des tissus de [&hellip;]<\/p>\n","protected":false},"author":1,"featured_media":0,"comment_status":"open","ping_status":"open","sticky":false,"template":"","format":"standard","meta":{"_et_pb_use_builder":"on","_et_pb_old_content":"<!-- wp:heading -->\n<h2><\/h2>\n<!-- \/wp:heading -->\n\n<!-- wp:paragraph -->\n<p>Les tissus et la passementerie habillent les matelas des sedaris ainsi que les coussins de votre salon marocain.<br>Du&nbsp; choix des tissus de votre salon marocain d\u00e9pendra l\u2019esprit de votre salon marocain.<br>Il existe un grand choix de tissu pour votre salon marocain, pour choisir votre tissu vous devez \u00eatre attentifs \u00e0 plusieurs \u00e9l\u00e9ments :<\/p>\n<!-- \/wp:paragraph -->\n\n<!-- wp:image {\"linkDestination\":\"custom\"} -->\n<figure class=\"wp-block-image\"><a href=\"http:\/\/www.salon-marrakech.fr\/images\/stories\/680\/TIS-1.jpg\"><img src=\"https:\/\/www.salon-marrakech.fr\/images\/stories\/tissus-salons-marocains\/90\/TIS-3.jpg\" alt=\"les tissus des salons marocains\"\/><\/a><\/figure>\n<!-- \/wp:image -->\n\n<!-- wp:image -->\n<figure class=\"wp-block-image\"><img src=\"https:\/\/www.salon-marrakech.fr\/images\/stories\/tissus-salons-marocains\/90\/TIS-4.jpg\" alt=\"les tissus des salons marocains\"\/><\/figure>\n<!-- \/wp:image -->\n\n<!-- wp:paragraph -->\n<p><br>*&nbsp;&nbsp; choix de couleur du tissu de votre salon marocain&nbsp;<br>*&nbsp;&nbsp; choix de mati\u00e8re du tissu de votre salon marocain<br>*&nbsp;&nbsp; choix de motif du tissu de votre salon marocain<br>*&nbsp;&nbsp; choix de la passementerie de votre salon marocain<br>*&nbsp;&nbsp; Le choix du tissu de votre salon marocain<br><br><br><br><\/p>\n<!-- \/wp:paragraph -->\n\n<!-- wp:image -->\n<figure class=\"wp-block-image\"><img src=\"https:\/\/www.salon-marrakech.fr\/images\/stories\/tissus-salons-marocains\/TIS-1.jpg\" alt=\"les tissus des salons marocains\"\/><\/figure>\n<!-- \/wp:image -->\n\n<!-- wp:paragraph -->\n<p>Le choix du tissu d'ameublement de votre salon marocain est primordial, c'est lui qui d\u00e9fini la tonalit\u00e9 de votre salon marocain.<br><br>Nous disposons d\u2019un grand choix de tissus pour habiller votre salon marocain. Nous apportons le plus grand soin a la s\u00e9lection de nos tissus pour salon marocain. Notre gamme de tissu pour salon marocain couvre tous les styles de salon marocain. Nos tissus r\u00e9pondent \u00e0 une exigence de qualit\u00e9 et au bon gout.<br><br><br>Tissu de salon marocain : le tissu d\u2019ameublement<br><br>Le tissu d\u2019ameublement de votre salon marocain prot\u00e8ge et habille vos matelas.<br>Vous devez choisir votre tissu en fonction de plusieurs caract\u00e9ristiques :<br>la qualit\u00e9 du tissu : \u00e9pais ou l\u00e9ger, facile d\u2019entretien<br>la couleur et le motif de votre tissu<br><br><br>Tissu de salon marocain : la passementerie<br><br>La passementerie doit \u00eatre le point d\u2019orgue de votre salon marocain.<br>Elle sera coordonn\u00e9e avec votre tissu et vos sedaris.<br>Choisissez la en fonction de votre go\u00fbt et de sa coordination avec l\u2019ensemble de votre salon marocain.<br>Tissu de salon marocain : les rideaux<br><br><br><br>Le choix du tissus de voilage est lui aussi tr\u00e8s important, il habille vos fen\u00eatres tout en \u00e9tant un rappel des couleurs de votre salon marocain.<br><br><br><\/p>\n<!-- \/wp:paragraph -->\n\n<!-- wp:image {\"linkDestination\":\"custom\"} -->\n<figure class=\"wp-block-image\"><a href=\"http:\/\/www.salon-marrakech.fr\/images\/stories\/680\/TIS-3.jpg\"><img src=\"https:\/\/www.salon-marrakech.fr\/images\/stories\/tissus-salons-marocains\/90\/TIS-1.jpg\" alt=\"les tissus des salons marocains\"\/><\/a><\/figure>\n<!-- \/wp:image -->\n\n<!-- wp:image -->\n<figure class=\"wp-block-image\"><img src=\"https:\/\/www.salon-marrakech.fr\/images\/stories\/tissus-salons-marocains\/90\/TIS-2.jpg\" alt=\"les tissus des salons marocains\"\/><\/figure>\n<!-- \/wp:image -->\n\n<!-- wp:paragraph -->\n<p>Le tissu pour salon marocain : une offre large chez salon Marrakech<br><br>Vous devez choisir vos tissus en fonction des \u00e9l\u00e9ments de votre salon marocain et, bien sur, de votre go\u00fbt. Nous serons attentifs \u00e0 vos d\u00e9sirs pour vous guider dans vos choix.<br>Chez Salon Marrakech nous avons une large gamme de tissus de qualit\u00e9 et de couleur vari\u00e9 et notre gamme de tissu pour salon marocain est souvent r\u00e9assortie.<br><br><\/p>\n<!-- \/wp:paragraph -->\n\n<!-- wp:paragraph -->\n<p>Rafraichir votre salon marocain<\/p>\n<!-- \/wp:paragraph -->\n\n<!-- wp:paragraph -->\n<p>Renouveler les tissus de son salon marocain est une fa\u00e7on \u00e9conomique de rafraichir son salon marocain. Rendez-nous visite avec une photo de votre salon marocain et vos dimension, nous vous guiderons pour choisir un tissu adapt\u00e9.<\/p>\n<!-- \/wp:paragraph -->\n\n<!-- wp:paragraph -->\n<p><\/p>\n<!-- \/wp:paragraph -->","footnotes":""},"categories":[1],"tags":[],"class_list":["post-254","post","type-post","status-publish","format-standard","hentry","category-non-classe"],"yoast_head":"<!-- This site is optimized with the Yoast SEO plugin v24.8 - https:\/\/yoast.com\/wordpress\/plugins\/seo\/ -->\n<title>Les tissus des salons marocains - Salon Marocain Moderne sur mesure<\/title>\n<meta name=\"robots\" content=\"index, follow, max-snippet:-1, max-image-preview:large, max-video-preview:-1\" \/>\n<link rel=\"canonical\" href=\"https:\/\/www.salon-marrakech.fr\/SM\/les-tissus-des-salons-marocains\/\" \/>\n<meta property=\"og:locale\" content=\"fr_FR\" \/>\n<meta property=\"og:type\" content=\"article\" \/>\n<meta property=\"og:title\" content=\"Les tissus des salons marocains - Salon Marocain Moderne sur mesure\" \/>\n<meta property=\"og:description\" content=\"[et_pb_section fb_built=\u00a0\u00bb1&Prime; admin_label=\u00a0\u00bbsection\u00a0\u00bb _builder_version=\u00a0\u00bb3.0.47&Prime;][et_pb_row _builder_version=\u00a0\u00bb3.21.1&Prime;][et_pb_column type=\u00a0\u00bb1_4&Prime; _builder_version=\u00a0\u00bb3.21.1&Prime;][et_pb_image src=\u00a0\u00bbhttps:\/\/www.salon-marrakech.fr\/SM\/wp-content\/uploads\/2019\/09\/TIS-4.jpg\u00a0\u00bb _builder_version=\u00a0\u00bb3.21.1&Prime;][\/et_pb_image][\/et_pb_column][et_pb_column type=\u00a0\u00bb1_4&Prime; _builder_version=\u00a0\u00bb3.21.1&Prime;][et_pb_image src=\u00a0\u00bbhttps:\/\/www.salon-marrakech.fr\/SM\/wp-content\/uploads\/2019\/09\/TIS-3.jpg\u00a0\u00bb _builder_version=\u00a0\u00bb3.21.1&Prime;][\/et_pb_image][\/et_pb_column][et_pb_column type=\u00a0\u00bb1_4&Prime; _builder_version=\u00a0\u00bb3.21.1&Prime;][et_pb_image src=\u00a0\u00bbhttps:\/\/www.salon-marrakech.fr\/SM\/wp-content\/uploads\/2019\/09\/TIS-2.jpg\u00a0\u00bb _builder_version=\u00a0\u00bb3.21.1&Prime;][\/et_pb_image][\/et_pb_column][et_pb_column type=\u00a0\u00bb1_4&Prime; _builder_version=\u00a0\u00bb3.21.1&Prime;][et_pb_image src=\u00a0\u00bbhttps:\/\/www.salon-marrakech.fr\/SM\/wp-content\/uploads\/2019\/09\/TIS-1.jpg\u00a0\u00bb _builder_version=\u00a0\u00bb3.21.1&Prime;][\/et_pb_image][\/et_pb_column][\/et_pb_row][et_pb_row admin_label=\u00a0\u00bbrow\u00a0\u00bb _builder_version=\u00a0\u00bb3.0.48&Prime; background_size=\u00a0\u00bbinitial\u00a0\u00bb background_position=\u00a0\u00bbtop_left\u00a0\u00bb background_repeat=\u00a0\u00bbrepeat\u00a0\u00bb][et_pb_column type=\u00a0\u00bb4_4&Prime; _builder_version=\u00a0\u00bb3.0.47&Prime;][et_pb_text admin_label=\u00a0\u00bbText\u00a0\u00bb _builder_version=\u00a0\u00bb3.0.74&Prime; background_size=\u00a0\u00bbinitial\u00a0\u00bb background_position=\u00a0\u00bbtop_left\u00a0\u00bb background_repeat=\u00a0\u00bbrepeat\u00a0\u00bb] Les tissus et la passementerie habillent les matelas des sedaris ainsi que les coussins de votre salon marocain.Du\u00a0 choix des tissus de [&hellip;]\" \/>\n<meta property=\"og:url\" content=\"https:\/\/www.salon-marrakech.fr\/SM\/les-tissus-des-salons-marocains\/\" \/>\n<meta property=\"og:site_name\" content=\"Salon Marocain Moderne sur mesure\" \/>\n<meta property=\"article:publisher\" content=\"https:\/\/www.facebook.com\/salon.marocain.design\/\" \/>\n<meta property=\"article:published_time\" content=\"2019-09-05T09:49:34+00:00\" \/>\n<meta property=\"article:modified_time\" content=\"2019-09-05T11:00:26+00:00\" \/>\n<meta property=\"og:image\" content=\"https:\/\/www.salon-marrakech.fr\/images\/stories\/tissus-salons-marocains\/TIS-1.jpg\" \/>\n<meta name=\"author\" content=\"zatman\" \/>\n<meta name=\"twitter:card\" content=\"summary_large_image\" \/>\n<meta name=\"twitter:label1\" content=\"\u00c9crit par\" \/>\n\t<meta name=\"twitter:data1\" content=\"zatman\" \/>\n\t<meta name=\"twitter:label2\" content=\"Dur\u00e9e de lecture estim\u00e9e\" \/>\n\t<meta name=\"twitter:data2\" content=\"3 minutes\" \/>\n<script type=\"application\/ld+json\" class=\"yoast-schema-graph\">{\"@context\":\"https:\/\/schema.org\",\"@graph\":[{\"@type\":\"Article\",\"@id\":\"https:\/\/www.salon-marrakech.fr\/SM\/les-tissus-des-salons-marocains\/#article\",\"isPartOf\":{\"@id\":\"https:\/\/www.salon-marrakech.fr\/SM\/les-tissus-des-salons-marocains\/\"},\"author\":{\"name\":\"zatman\",\"@id\":\"https:\/\/www.salon-marrakech.fr\/SM\/#\/schema\/person\/41b69ac686184949c997e30b220b40a0\"},\"headline\":\"Les tissus des salons marocains\",\"datePublished\":\"2019-09-05T09:49:34+00:00\",\"dateModified\":\"2019-09-05T11:00:26+00:00\",\"mainEntityOfPage\":{\"@id\":\"https:\/\/www.salon-marrakech.fr\/SM\/les-tissus-des-salons-marocains\/\"},\"wordCount\":607,\"commentCount\":0,\"publisher\":{\"@id\":\"https:\/\/www.salon-marrakech.fr\/SM\/#organization\"},\"image\":{\"@id\":\"https:\/\/www.salon-marrakech.fr\/SM\/les-tissus-des-salons-marocains\/#primaryimage\"},\"thumbnailUrl\":\"https:\/\/www.salon-marrakech.fr\/images\/stories\/tissus-salons-marocains\/TIS-1.jpg\",\"inLanguage\":\"fr-FR\",\"potentialAction\":[{\"@type\":\"CommentAction\",\"name\":\"Comment\",\"target\":[\"https:\/\/www.salon-marrakech.fr\/SM\/les-tissus-des-salons-marocains\/#respond\"]}]},{\"@type\":\"WebPage\",\"@id\":\"https:\/\/www.salon-marrakech.fr\/SM\/les-tissus-des-salons-marocains\/\",\"url\":\"https:\/\/www.salon-marrakech.fr\/SM\/les-tissus-des-salons-marocains\/\",\"name\":\"Les tissus des salons marocains - Salon Marocain Moderne sur mesure\",\"isPartOf\":{\"@id\":\"https:\/\/www.salon-marrakech.fr\/SM\/#website\"},\"primaryImageOfPage\":{\"@id\":\"https:\/\/www.salon-marrakech.fr\/SM\/les-tissus-des-salons-marocains\/#primaryimage\"},\"image\":{\"@id\":\"https:\/\/www.salon-marrakech.fr\/SM\/les-tissus-des-salons-marocains\/#primaryimage\"},\"thumbnailUrl\":\"https:\/\/www.salon-marrakech.fr\/images\/stories\/tissus-salons-marocains\/TIS-1.jpg\",\"datePublished\":\"2019-09-05T09:49:34+00:00\",\"dateModified\":\"2019-09-05T11:00:26+00:00\",\"breadcrumb\":{\"@id\":\"https:\/\/www.salon-marrakech.fr\/SM\/les-tissus-des-salons-marocains\/#breadcrumb\"},\"inLanguage\":\"fr-FR\",\"potentialAction\":[{\"@type\":\"ReadAction\",\"target\":[\"https:\/\/www.salon-marrakech.fr\/SM\/les-tissus-des-salons-marocains\/\"]}]},{\"@type\":\"ImageObject\",\"inLanguage\":\"fr-FR\",\"@id\":\"https:\/\/www.salon-marrakech.fr\/SM\/les-tissus-des-salons-marocains\/#primaryimage\",\"url\":\"https:\/\/www.salon-marrakech.fr\/images\/stories\/tissus-salons-marocains\/TIS-1.jpg\",\"contentUrl\":\"https:\/\/www.salon-marrakech.fr\/images\/stories\/tissus-salons-marocains\/TIS-1.jpg\"},{\"@type\":\"BreadcrumbList\",\"@id\":\"https:\/\/www.salon-marrakech.fr\/SM\/les-tissus-des-salons-marocains\/#breadcrumb\",\"itemListElement\":[{\"@type\":\"ListItem\",\"position\":1,\"name\":\"Accueil\",\"item\":\"https:\/\/www.salon-marrakech.fr\/SM\/\"},{\"@type\":\"ListItem\",\"position\":2,\"name\":\"Les tissus des salons marocains\"}]},{\"@type\":\"WebSite\",\"@id\":\"https:\/\/www.salon-marrakech.fr\/SM\/#website\",\"url\":\"https:\/\/www.salon-marrakech.fr\/SM\/\",\"name\":\"Salon Marocain Moderne sur mesure\",\"description\":\"Articles de d\u00e9coration marocaine et orientale\",\"publisher\":{\"@id\":\"https:\/\/www.salon-marrakech.fr\/SM\/#organization\"},\"potentialAction\":[{\"@type\":\"SearchAction\",\"target\":{\"@type\":\"EntryPoint\",\"urlTemplate\":\"https:\/\/www.salon-marrakech.fr\/SM\/?s={search_term_string}\"},\"query-input\":{\"@type\":\"PropertyValueSpecification\",\"valueRequired\":true,\"valueName\":\"search_term_string\"}}],\"inLanguage\":\"fr-FR\"},{\"@type\":\"Organization\",\"@id\":\"https:\/\/www.salon-marrakech.fr\/SM\/#organization\",\"name\":\"Salon Marrakech\",\"url\":\"https:\/\/www.salon-marrakech.fr\/SM\/\",\"logo\":{\"@type\":\"ImageObject\",\"inLanguage\":\"fr-FR\",\"@id\":\"https:\/\/www.salon-marrakech.fr\/SM\/#\/schema\/logo\/image\/\",\"url\":\"https:\/\/www.salon-marrakech.fr\/SM\/wp-content\/uploads\/2019\/09\/canape-logo.png\",\"contentUrl\":\"https:\/\/www.salon-marrakech.fr\/SM\/wp-content\/uploads\/2019\/09\/canape-logo.png\",\"width\":2879,\"height\":1600,\"caption\":\"Salon Marrakech\"},\"image\":{\"@id\":\"https:\/\/www.salon-marrakech.fr\/SM\/#\/schema\/logo\/image\/\"},\"sameAs\":[\"https:\/\/www.facebook.com\/salon.marocain.design\/\",\"https:\/\/www.instagram.com\/salon_marrakech_officiel\/\"]},{\"@type\":\"Person\",\"@id\":\"https:\/\/www.salon-marrakech.fr\/SM\/#\/schema\/person\/41b69ac686184949c997e30b220b40a0\",\"name\":\"zatman\",\"url\":\"https:\/\/www.salon-marrakech.fr\/SM\/author\/zatman\/\"}]}<\/script>\n<!-- \/ Yoast SEO plugin. -->","yoast_head_json":{"title":"Les tissus des salons marocains - Salon Marocain Moderne sur mesure","robots":{"index":"index","follow":"follow","max-snippet":"max-snippet:-1","max-image-preview":"max-image-preview:large","max-video-preview":"max-video-preview:-1"},"canonical":"https:\/\/www.salon-marrakech.fr\/SM\/les-tissus-des-salons-marocains\/","og_locale":"fr_FR","og_type":"article","og_title":"Les tissus des salons marocains - Salon Marocain Moderne sur mesure","og_description":"[et_pb_section fb_built=\u00a0\u00bb1&Prime; admin_label=\u00a0\u00bbsection\u00a0\u00bb _builder_version=\u00a0\u00bb3.0.47&Prime;][et_pb_row _builder_version=\u00a0\u00bb3.21.1&Prime;][et_pb_column type=\u00a0\u00bb1_4&Prime; _builder_version=\u00a0\u00bb3.21.1&Prime;][et_pb_image src=\u00a0\u00bbhttps:\/\/www.salon-marrakech.fr\/SM\/wp-content\/uploads\/2019\/09\/TIS-4.jpg\u00a0\u00bb _builder_version=\u00a0\u00bb3.21.1&Prime;][\/et_pb_image][\/et_pb_column][et_pb_column type=\u00a0\u00bb1_4&Prime; _builder_version=\u00a0\u00bb3.21.1&Prime;][et_pb_image src=\u00a0\u00bbhttps:\/\/www.salon-marrakech.fr\/SM\/wp-content\/uploads\/2019\/09\/TIS-3.jpg\u00a0\u00bb _builder_version=\u00a0\u00bb3.21.1&Prime;][\/et_pb_image][\/et_pb_column][et_pb_column type=\u00a0\u00bb1_4&Prime; _builder_version=\u00a0\u00bb3.21.1&Prime;][et_pb_image src=\u00a0\u00bbhttps:\/\/www.salon-marrakech.fr\/SM\/wp-content\/uploads\/2019\/09\/TIS-2.jpg\u00a0\u00bb _builder_version=\u00a0\u00bb3.21.1&Prime;][\/et_pb_image][\/et_pb_column][et_pb_column type=\u00a0\u00bb1_4&Prime; _builder_version=\u00a0\u00bb3.21.1&Prime;][et_pb_image src=\u00a0\u00bbhttps:\/\/www.salon-marrakech.fr\/SM\/wp-content\/uploads\/2019\/09\/TIS-1.jpg\u00a0\u00bb _builder_version=\u00a0\u00bb3.21.1&Prime;][\/et_pb_image][\/et_pb_column][\/et_pb_row][et_pb_row admin_label=\u00a0\u00bbrow\u00a0\u00bb _builder_version=\u00a0\u00bb3.0.48&Prime; background_size=\u00a0\u00bbinitial\u00a0\u00bb background_position=\u00a0\u00bbtop_left\u00a0\u00bb background_repeat=\u00a0\u00bbrepeat\u00a0\u00bb][et_pb_column type=\u00a0\u00bb4_4&Prime; _builder_version=\u00a0\u00bb3.0.47&Prime;][et_pb_text admin_label=\u00a0\u00bbText\u00a0\u00bb _builder_version=\u00a0\u00bb3.0.74&Prime; background_size=\u00a0\u00bbinitial\u00a0\u00bb background_position=\u00a0\u00bbtop_left\u00a0\u00bb background_repeat=\u00a0\u00bbrepeat\u00a0\u00bb] Les tissus et la passementerie habillent les matelas des sedaris ainsi que les coussins de votre salon marocain.Du\u00a0 choix des tissus de [&hellip;]","og_url":"https:\/\/www.salon-marrakech.fr\/SM\/les-tissus-des-salons-marocains\/","og_site_name":"Salon Marocain Moderne sur mesure","article_publisher":"https:\/\/www.facebook.com\/salon.marocain.design\/","article_published_time":"2019-09-05T09:49:34+00:00","article_modified_time":"2019-09-05T11:00:26+00:00","og_image":[{"url":"https:\/\/www.salon-marrakech.fr\/images\/stories\/tissus-salons-marocains\/TIS-1.jpg","type":"","width":"","height":""}],"author":"zatman","twitter_card":"summary_large_image","twitter_misc":{"\u00c9crit par":"zatman","Dur\u00e9e de lecture estim\u00e9e":"3 minutes"},"schema":{"@context":"https:\/\/schema.org","@graph":[{"@type":"Article","@id":"https:\/\/www.salon-marrakech.fr\/SM\/les-tissus-des-salons-marocains\/#article","isPartOf":{"@id":"https:\/\/www.salon-marrakech.fr\/SM\/les-tissus-des-salons-marocains\/"},"author":{"name":"zatman","@id":"https:\/\/www.salon-marrakech.fr\/SM\/#\/schema\/person\/41b69ac686184949c997e30b220b40a0"},"headline":"Les tissus des salons marocains","datePublished":"2019-09-05T09:49:34+00:00","dateModified":"2019-09-05T11:00:26+00:00","mainEntityOfPage":{"@id":"https:\/\/www.salon-marrakech.fr\/SM\/les-tissus-des-salons-marocains\/"},"wordCount":607,"commentCount":0,"publisher":{"@id":"https:\/\/www.salon-marrakech.fr\/SM\/#organization"},"image":{"@id":"https:\/\/www.salon-marrakech.fr\/SM\/les-tissus-des-salons-marocains\/#primaryimage"},"thumbnailUrl":"https:\/\/www.salon-marrakech.fr\/images\/stories\/tissus-salons-marocains\/TIS-1.jpg","inLanguage":"fr-FR","potentialAction":[{"@type":"CommentAction","name":"Comment","target":["https:\/\/www.salon-marrakech.fr\/SM\/les-tissus-des-salons-marocains\/#respond"]}]},{"@type":"WebPage","@id":"https:\/\/www.salon-marrakech.fr\/SM\/les-tissus-des-salons-marocains\/","url":"https:\/\/www.salon-marrakech.fr\/SM\/les-tissus-des-salons-marocains\/","name":"Les tissus des salons marocains - Salon Marocain Moderne sur mesure","isPartOf":{"@id":"https:\/\/www.salon-marrakech.fr\/SM\/#website"},"primaryImageOfPage":{"@id":"https:\/\/www.salon-marrakech.fr\/SM\/les-tissus-des-salons-marocains\/#primaryimage"},"image":{"@id":"https:\/\/www.salon-marrakech.fr\/SM\/les-tissus-des-salons-marocains\/#primaryimage"},"thumbnailUrl":"https:\/\/www.salon-marrakech.fr\/images\/stories\/tissus-salons-marocains\/TIS-1.jpg","datePublished":"2019-09-05T09:49:34+00:00","dateModified":"2019-09-05T11:00:26+00:00","breadcrumb":{"@id":"https:\/\/www.salon-marrakech.fr\/SM\/les-tissus-des-salons-marocains\/#breadcrumb"},"inLanguage":"fr-FR","potentialAction":[{"@type":"ReadAction","target":["https:\/\/www.salon-marrakech.fr\/SM\/les-tissus-des-salons-marocains\/"]}]},{"@type":"ImageObject","inLanguage":"fr-FR","@id":"https:\/\/www.salon-marrakech.fr\/SM\/les-tissus-des-salons-marocains\/#primaryimage","url":"https:\/\/www.salon-marrakech.fr\/images\/stories\/tissus-salons-marocains\/TIS-1.jpg","contentUrl":"https:\/\/www.salon-marrakech.fr\/images\/stories\/tissus-salons-marocains\/TIS-1.jpg"},{"@type":"BreadcrumbList","@id":"https:\/\/www.salon-marrakech.fr\/SM\/les-tissus-des-salons-marocains\/#breadcrumb","itemListElement":[{"@type":"ListItem","position":1,"name":"Accueil","item":"https:\/\/www.salon-marrakech.fr\/SM\/"},{"@type":"ListItem","position":2,"name":"Les tissus des salons marocains"}]},{"@type":"WebSite","@id":"https:\/\/www.salon-marrakech.fr\/SM\/#website","url":"https:\/\/www.salon-marrakech.fr\/SM\/","name":"Salon Marocain Moderne sur mesure","description":"Articles de d\u00e9coration marocaine et orientale","publisher":{"@id":"https:\/\/www.salon-marrakech.fr\/SM\/#organization"},"potentialAction":[{"@type":"SearchAction","target":{"@type":"EntryPoint","urlTemplate":"https:\/\/www.salon-marrakech.fr\/SM\/?s={search_term_string}"},"query-input":{"@type":"PropertyValueSpecification","valueRequired":true,"valueName":"search_term_string"}}],"inLanguage":"fr-FR"},{"@type":"Organization","@id":"https:\/\/www.salon-marrakech.fr\/SM\/#organization","name":"Salon Marrakech","url":"https:\/\/www.salon-marrakech.fr\/SM\/","logo":{"@type":"ImageObject","inLanguage":"fr-FR","@id":"https:\/\/www.salon-marrakech.fr\/SM\/#\/schema\/logo\/image\/","url":"https:\/\/www.salon-marrakech.fr\/SM\/wp-content\/uploads\/2019\/09\/canape-logo.png","contentUrl":"https:\/\/www.salon-marrakech.fr\/SM\/wp-content\/uploads\/2019\/09\/canape-logo.png","width":2879,"height":1600,"caption":"Salon Marrakech"},"image":{"@id":"https:\/\/www.salon-marrakech.fr\/SM\/#\/schema\/logo\/image\/"},"sameAs":["https:\/\/www.facebook.com\/salon.marocain.design\/","https:\/\/www.instagram.com\/salon_marrakech_officiel\/"]},{"@type":"Person","@id":"https:\/\/www.salon-marrakech.fr\/SM\/#\/schema\/person\/41b69ac686184949c997e30b220b40a0","name":"zatman","url":"https:\/\/www.salon-marrakech.fr\/SM\/author\/zatman\/"}]}},"jetpack_featured_media_url":"","_links":{"self":[{"href":"https:\/\/www.salon-marrakech.fr\/SM\/wp-json\/wp\/v2\/posts\/254","targetHints":{"allow":["GET"]}}],"collection":[{"href":"https:\/\/www.salon-marrakech.fr\/SM\/wp-json\/wp\/v2\/posts"}],"about":[{"href":"https:\/\/www.salon-marrakech.fr\/SM\/wp-json\/wp\/v2\/types\/post"}],"author":[{"embeddable":true,"href":"https:\/\/www.salon-marrakech.fr\/SM\/wp-json\/wp\/v2\/users\/1"}],"replies":[{"embeddable":true,"href":"https:\/\/www.salon-marrakech.fr\/SM\/wp-json\/wp\/v2\/comments?post=254"}],"version-history":[{"count":4,"href":"https:\/\/www.salon-marrakech.fr\/SM\/wp-json\/wp\/v2\/posts\/254\/revisions"}],"predecessor-version":[{"id":323,"href":"https:\/\/www.salon-marrakech.fr\/SM\/wp-json\/wp\/v2\/posts\/254\/revisions\/323"}],"wp:attachment":[{"href":"https:\/\/www.salon-marrakech.fr\/SM\/wp-json\/wp\/v2\/media?parent=254"}],"wp:term":[{"taxonomy":"category","embeddable":true,"href":"https:\/\/www.salon-marrakech.fr\/SM\/wp-json\/wp\/v2\/categories?post=254"},{"taxonomy":"post_tag","embeddable":true,"href":"https:\/\/www.salon-marrakech.fr\/SM\/wp-json\/wp\/v2\/tags?post=254"}],"curies":[{"name":"wp","href":"https:\/\/api.w.org\/{rel}","templated":true}]}}